{"id":8022,"date":"2025-01-16T06:56:32","date_gmt":"2025-01-16T06:56:32","guid":{"rendered":"https:\/\/carboniaturismo.it\/?p=8022"},"modified":"2025-01-16T07:23:54","modified_gmt":"2025-01-16T07:23:54","slug":"nataleinsieme-2023","status":"publish","type":"post","link":"https:\/\/carboniaturismo.it\/it\/nataleinsieme-2023\/","title":{"rendered":"Nataleinsieme 2023"},"content":{"rendered":"\t\t<div data-elementor-type=\"wp-post\" data-elementor-id=\"8022\" class=\"elementor elementor-8022\" data-elementor-post-type=\"post\">\n\t\t\t\t\t\t<section class=\"elementor-section elementor-top-section elementor-element elementor-element-1023f8c elementor-section-boxed elementor-section-height-default elementor-section-height-default row-top\" data-id=\"1023f8c\" data-element_type=\"section\" data-e-type=\"section\">\n\t\t\t\t\t\t<div class=\"elementor-container elementor-column-gap-default\">\n\t\t\t\t\t<div class=\"elementor-column elementor-col-50 elementor-top-column elementor-element elementor-element-7620b65\" data-id=\"7620b65\" data-element_type=\"column\" data-e-type=\"column\">\n\t\t\t<div class=\"elementor-widget-wrap elementor-element-populated\">\n\t\t\t\t\t\t<div class=\"elementor-element elementor-element-dfc2641 elementor-widget elementor-widget-image\" data-id=\"dfc2641\" data-element_type=\"widget\" data-e-type=\"widget\" data-widget_type=\"image.default\">\n\t\t\t\t<div class=\"elementor-widget-container\">\n\t\t\t\t\t\t\t\t\t\t\t\t\t\t\t<img fetchpriority=\"high\" decoding=\"async\" width=\"725\" height=\"1024\" src=\"https:\/\/carboniaturismo.it\/wp-content\/uploads\/2025\/01\/CarboniaTurismo-Nataleinsieme2023-1-725x1024.jpeg\" class=\"attachment-large size-large wp-image-8053\" alt=\"\" srcset=\"https:\/\/carboniaturismo.it\/wp-content\/uploads\/2025\/01\/CarboniaTurismo-Nataleinsieme2023-1-725x1024.jpeg 725w, https:\/\/carboniaturismo.it\/wp-content\/uploads\/2025\/01\/CarboniaTurismo-Nataleinsieme2023-1-768x1085.jpeg 768w, https:\/\/carboniaturismo.it\/wp-content\/uploads\/2025\/01\/CarboniaTurismo-Nataleinsieme2023-1.jpeg 1450w\" sizes=\"(max-width: 725px) 100vw, 725px\" \/>\t\t\t\t\t\t\t\t\t\t\t\t\t\t\t<\/div>\n\t\t\t\t<\/div>\n\t\t\t\t\t<\/div>\n\t\t<\/div>\n\t\t\t\t<div class=\"elementor-column elementor-col-50 elementor-top-column elementor-element elementor-element-0e430e9\" data-id=\"0e430e9\" data-element_type=\"column\" data-e-type=\"column\">\n\t\t\t<div class=\"elementor-widget-wrap elementor-element-populated\">\n\t\t\t\t\t\t<div class=\"elementor-element elementor-element-9862a1f elementor-widget elementor-widget-text-editor\" data-id=\"9862a1f\" data-element_type=\"widget\" data-e-type=\"widget\" data-widget_type=\"text-editor.default\">\n\t\t\t\t<div class=\"elementor-widget-container\">\n\t\t\t\t\t\t\t\t\t<p>Con l\u2019iniziativa Nataleinsieme, la citt\u00e0 di Carbonia, tra dicembre e gennaio, mette in fila una serie di eventi pensati per i pi\u00f9 grandi e per i pi\u00f9 piccoli, tutti dedicati al Natale. Un mese di iniziative accenderanno le vie della citt\u00e0, tra degustazioni, musica dal vivo, mostre e tante altre iniziative culturali e di intrattenimento.<br \/>Nel calendario dell\u2019iniziativa spiccano il concerto dei Modena City Ramblers il 28 dicembre e Carbonia\u2019s Got Talent, il 27 dicembre che vedr\u00e0 le esibizioni di numerosi artisti locali.<\/p>\t\t\t\t\t\t\t\t<\/div>\n\t\t\t\t<\/div>\n\t\t\t\t<div class=\"elementor-element elementor-element-ecfb5c2 elementor-widget elementor-widget-text-editor\" data-id=\"ecfb5c2\" data-element_type=\"widget\" data-e-type=\"widget\" data-widget_type=\"text-editor.default\">\n\t\t\t\t<div class=\"elementor-widget-container\">\n\t\t\t\t\t\t\t\t\t<p><strong>Scarica allegati: <\/strong><br \/><br \/><a href=\"https:\/\/carboniaturismo.it\/wp-content\/uploads\/2023\/05\/CarboniaTurismo-Nataleinsieme2023.pdf\" target=\"_blank\" rel=\"noopener\"><strong>Programma Nataleinsieme 2023<\/strong><\/a><\/p>\t\t\t\t\t\t\t\t<\/div>\n\t\t\t\t<\/div>\n\t\t\t\t\t<\/div>\n\t\t<\/div>\n\t\t\t\t\t<\/div>\n\t\t<\/section>\n\t\t\t\t<\/div>\n\t\t","protected":false},"excerpt":{"rendered":"<p>Con l\u2019iniziativa Nataleinsieme, la citt\u00e0 di Carbonia, tra dicembre e gennaio, mette in fila una serie di eventi pensati per i pi\u00f9 grandi e per i pi\u00f9 piccoli, tutti dedicati [&hellip;]<\/p>\n","protected":false},"author":2,"featured_media":7928,"comment_status":"open","ping_status":"open","sticky":false,"template":"","format":"standard","meta":{"rs_blank_template":"","rs_page_bg_color":"","slide_template_v7":"","footnotes":""},"categories":[133],"tags":[],"class_list":["post-8022","post","type-post","status-publish","format-standard","has-post-thumbnail","hentry","category-event"],"_links":{"self":[{"href":"https:\/\/carboniaturismo.it\/it\/wp-json\/wp\/v2\/posts\/8022","targetHints":{"allow":["GET"]}}],"collection":[{"href":"https:\/\/carboniaturismo.it\/it\/wp-json\/wp\/v2\/posts"}],"about":[{"href":"https:\/\/carboniaturismo.it\/it\/wp-json\/wp\/v2\/types\/post"}],"author":[{"embeddable":true,"href":"https:\/\/carboniaturismo.it\/it\/wp-json\/wp\/v2\/users\/2"}],"replies":[{"embeddable":true,"href":"https:\/\/carboniaturismo.it\/it\/wp-json\/wp\/v2\/comments?post=8022"}],"version-history":[{"count":7,"href":"https:\/\/carboniaturismo.it\/it\/wp-json\/wp\/v2\/posts\/8022\/revisions"}],"predecessor-version":[{"id":8065,"href":"https:\/\/carboniaturismo.it\/it\/wp-json\/wp\/v2\/posts\/8022\/revisions\/8065"}],"wp:featuredmedia":[{"embeddable":true,"href":"https:\/\/carboniaturismo.it\/it\/wp-json\/wp\/v2\/media\/7928"}],"wp:attachment":[{"href":"https:\/\/carboniaturismo.it\/it\/wp-json\/wp\/v2\/media?parent=8022"}],"wp:term":[{"taxonomy":"category","embeddable":true,"href":"https:\/\/carboniaturismo.it\/it\/wp-json\/wp\/v2\/categories?post=8022"},{"taxonomy":"post_tag","embeddable":true,"href":"https:\/\/carboniaturismo.it\/it\/wp-json\/wp\/v2\/tags?post=8022"}],"curies":[{"name":"wp","href":"https:\/\/api.w.org\/{rel}","templated":true}]}}