{"id":7912,"date":"2025-01-16T06:45:38","date_gmt":"2025-01-16T06:45:38","guid":{"rendered":"https:\/\/carboniaturismo.it\/?p=7912"},"modified":"2025-01-16T07:23:55","modified_gmt":"2025-01-16T07:23:55","slug":"il-natale-arriva-in-citta","status":"publish","type":"post","link":"https:\/\/carboniaturismo.it\/it\/il-natale-arriva-in-citta\/","title":{"rendered":"Il Natale arriva in citt\u00e0"},"content":{"rendered":"\t\t<div data-elementor-type=\"wp-post\" data-elementor-id=\"7912\" class=\"elementor elementor-7912\" data-elementor-post-type=\"post\">\n\t\t\t\t\t\t<section class=\"elementor-section elementor-top-section elementor-element elementor-element-1023f8c elementor-section-boxed elementor-section-height-default elementor-section-height-default row-top\" data-id=\"1023f8c\" data-element_type=\"section\" data-e-type=\"section\">\n\t\t\t\t\t\t<div class=\"elementor-container elementor-column-gap-default\">\n\t\t\t\t\t<div class=\"elementor-column elementor-col-50 elementor-top-column elementor-element elementor-element-7620b65\" data-id=\"7620b65\" data-element_type=\"column\" data-e-type=\"column\">\n\t\t\t<div class=\"elementor-widget-wrap elementor-element-populated\">\n\t\t\t\t\t\t<div class=\"elementor-element elementor-element-dfc2641 elementor-widget elementor-widget-image\" data-id=\"dfc2641\" data-element_type=\"widget\" data-e-type=\"widget\" data-widget_type=\"image.default\">\n\t\t\t\t<div class=\"elementor-widget-container\">\n\t\t\t\t\t\t\t\t\t\t\t\t\t\t\t<img fetchpriority=\"high\" decoding=\"async\" width=\"724\" height=\"1024\" src=\"https:\/\/carboniaturismo.it\/wp-content\/uploads\/2025\/01\/programma-natale-arriva-in-citta-carbonia-724x1024-1.jpg\" class=\"attachment-large size-large wp-image-7995\" alt=\"\" \/>\t\t\t\t\t\t\t\t\t\t\t\t\t\t\t<\/div>\n\t\t\t\t<\/div>\n\t\t\t\t\t<\/div>\n\t\t<\/div>\n\t\t\t\t<div class=\"elementor-column elementor-col-50 elementor-top-column elementor-element elementor-element-0e430e9\" data-id=\"0e430e9\" data-element_type=\"column\" data-e-type=\"column\">\n\t\t\t<div class=\"elementor-widget-wrap elementor-element-populated\">\n\t\t\t\t\t\t<div class=\"elementor-element elementor-element-d3ddba4 elementor-widget elementor-widget-text-editor\" data-id=\"d3ddba4\" data-element_type=\"widget\" data-e-type=\"widget\" data-widget_type=\"text-editor.default\">\n\t\t\t\t<div class=\"elementor-widget-container\">\n\t\t\t\t\t\t\t\t\t<p><strong>Il Natale arriva in citt\u00e0: Carbonia si veste di magia!<br \/>Sabato 7 e Domenica 8 Dicembre 2024 in Via Manno, Carbonia.<\/strong><\/p>\t\t\t\t\t\t\t\t<\/div>\n\t\t\t\t<\/div>\n\t\t\t\t<div class=\"elementor-element elementor-element-9862a1f elementor-widget elementor-widget-text-editor\" data-id=\"9862a1f\" data-element_type=\"widget\" data-e-type=\"widget\" data-widget_type=\"text-editor.default\">\n\t\t\t\t<div class=\"elementor-widget-container\">\n\t\t\t\t\t\t\t\t\t<p>Pronti a immergervi nella magia del Natale? Quest\u2019anno Carbonia d\u00e0 il via alle feste con un evento imperdibile che segner\u00e0 l\u2019inizio di un dicembre ricco di sorprese e momenti indimenticabili!<\/p>\t\t\t\t\t\t\t\t<\/div>\n\t\t\t\t<\/div>\n\t\t\t\t<div class=\"elementor-element elementor-element-0fea6f8 elementor-widget elementor-widget-text-editor\" data-id=\"0fea6f8\" data-element_type=\"widget\" data-e-type=\"widget\" data-widget_type=\"text-editor.default\">\n\t\t\t\t<div class=\"elementor-widget-container\">\n\t\t\t\t\t\t\t\t\t<p><strong>Sabato 7 Dicembre \u2013 Dalle ore 16:00<br \/><\/strong>Vi aspettiamo per l\u2019inaugurazione ufficiale dei Mercatini di Natale, dove potrete scoprire le casette natalizie piene di idee regalo, decorazioni natalizie e prodotti locali. Non mancheranno:<\/p>\n<ul>\n<li>Accensione delle luminarie che trasformeranno Via Manno in un incanto di luci<\/li>\n<\/ul>\n<ul>\n<li>Bracieri accesi per scaldarvi nell\u2019atmosfera natalizia<\/li>\n<\/ul>\n<ul>\n<li>Cristina Fois presenta Feminas: un emozionante viaggio musicale dedicato all\u2019universo femminile, tra tradizione e modernit\u00e0. La voce straordinaria di Cristina Fois, accompagnata da melodie intense, ci racconter\u00e0 storie di donne, forza e identit\u00e0. Un concerto da non perdere, capace di toccare il cuore di tutti!<\/li>\n<\/ul>\n<ul>\n<li>Gruppi Folk: la serata sar\u00e0 arricchita dalla presenza di gruppi folk che porteranno allegria e tradizioni della nostra terra.<\/li>\n<\/ul>\n<ul>\n<li>L\u2019energia e il divertimento delle Simpatiche Canaglie<\/li>\n<\/ul>\n<ul>\n<li>Gadget per tutti e piccole degustazioni per un assaggio delle festivit\u00e0<\/li>\n<\/ul>\t\t\t\t\t\t\t\t<\/div>\n\t\t\t\t<\/div>\n\t\t\t\t<div class=\"elementor-element elementor-element-0543ecc elementor-widget elementor-widget-text-editor\" data-id=\"0543ecc\" data-element_type=\"widget\" data-e-type=\"widget\" data-widget_type=\"text-editor.default\">\n\t\t\t\t<div class=\"elementor-widget-container\">\n\t\t\t\t\t\t\t\t\t<p><strong>Domenica 8 Dicembre<br \/><\/strong>La magia continua con:<br \/>Ore 10:00: l\u2019energia e il divertimento delle Simpatiche Canaglie<br \/>Ore 16:00: Concerto del Gruppo Musicale di Benito Urgu<\/p>\n<p>Gadget per tutti e piccole degustazioni anche in questa giornata per deliziare grandi e piccini! Questo primo weekend natalizio dar\u00e0 il via a un percorso che ci accompagner\u00e0 fino al 24 Dicembre con tantissime sorprese, spettacoli e momenti speciali\u2026 Ma ve li sveleremo piano piano! Non mancate: venite a vivere la magia del Natale, portate con voi famiglia e amici e lasciatevi trasportare dall\u2019atmosfera unica che solo Carbonia sa offrire!<\/p>\n<p>Carbonia vi aspetta, il Natale \u00e8 gi\u00e0 nell\u2019aria!<\/p>\t\t\t\t\t\t\t\t<\/div>\n\t\t\t\t<\/div>\n\t\t\t\t<div class=\"elementor-element elementor-element-ecfb5c2 elementor-widget elementor-widget-text-editor\" data-id=\"ecfb5c2\" data-element_type=\"widget\" data-e-type=\"widget\" data-widget_type=\"text-editor.default\">\n\t\t\t\t<div class=\"elementor-widget-container\">\n\t\t\t\t\t\t\t\t\t<p><strong>Scarica allegati: <\/strong><\/p>\n<p><a href=\"https:\/\/carboniaturismo.it\/wp-content\/uploads\/2023\/05\/programma-natale-arriva-in-citta-carbonia.pdf\" target=\"_blank\" rel=\"noopener\"><strong>Programma Il Natale arriva in citt\u00e0<\/strong><\/a><\/p>\t\t\t\t\t\t\t\t<\/div>\n\t\t\t\t<\/div>\n\t\t\t\t\t<\/div>\n\t\t<\/div>\n\t\t\t\t\t<\/div>\n\t\t<\/section>\n\t\t\t\t<section class=\"elementor-section elementor-top-section elementor-element elementor-element-adbb00f elementor-section-boxed elementor-section-height-default elementor-section-height-default row-top\" data-id=\"adbb00f\" data-element_type=\"section\" data-e-type=\"section\">\n\t\t\t\t\t\t<div class=\"elementor-container elementor-column-gap-default\">\n\t\t\t\t\t<div class=\"elementor-column elementor-col-100 elementor-top-column elementor-element elementor-element-3ffa5a3\" data-id=\"3ffa5a3\" data-element_type=\"column\" data-e-type=\"column\">\n\t\t\t<div class=\"elementor-widget-wrap elementor-element-populated\">\n\t\t\t\t\t\t<div class=\"elementor-element elementor-element-de66569 elementor-widget-divider--view-line elementor-widget elementor-widget-divider\" data-id=\"de66569\" data-element_type=\"widget\" data-e-type=\"widget\" data-widget_type=\"divider.default\">\n\t\t\t\t<div class=\"elementor-widget-container\">\n\t\t\t\t\t\t\t<div class=\"elementor-divider\">\n\t\t\t<span class=\"elementor-divider-separator\">\n\t\t\t\t\t\t<\/span>\n\t\t<\/div>\n\t\t\t\t\t\t<\/div>\n\t\t\t\t<\/div>\n\t\t\t\t<div class=\"elementor-element elementor-element-b361f4a elementor-widget elementor-widget-text-editor\" data-id=\"b361f4a\" data-element_type=\"widget\" data-e-type=\"widget\" data-widget_type=\"text-editor.default\">\n\t\t\t\t<div class=\"elementor-widget-container\">\n\t\t\t\t\t\t\t\t\t<p><em><span style=\"vertical-align: inherit;\"><span style=\"vertical-align: inherit;\">Communication promoted and financed by the Municipality of Carbonia and the Geo-mining, Historical and Environmental Park of Sardinia &#8211; CIG B47056A8B0<\/span><\/span><\/em><\/p>\t\t\t\t\t\t\t\t<\/div>\n\t\t\t\t<\/div>\n\t\t\t\t\t<\/div>\n\t\t<\/div>\n\t\t\t\t\t<\/div>\n\t\t<\/section>\n\t\t\t\t<section class=\"elementor-section elementor-top-section elementor-element elementor-element-19cdb6a elementor-section-boxed elementor-section-height-default elementor-section-height-default row-top\" data-id=\"19cdb6a\" data-element_type=\"section\" data-e-type=\"section\">\n\t\t\t\t\t\t<div class=\"elementor-container elementor-column-gap-default\">\n\t\t\t\t\t<div class=\"elementor-column elementor-col-50 elementor-top-column elementor-element elementor-element-a6c2b88\" data-id=\"a6c2b88\" data-element_type=\"column\" data-e-type=\"column\">\n\t\t\t<div class=\"elementor-widget-wrap elementor-element-populated\">\n\t\t\t\t\t\t<div class=\"elementor-element elementor-element-fd5a3e8 elementor-widget elementor-widget-image\" data-id=\"fd5a3e8\" data-element_type=\"widget\" data-e-type=\"widget\" data-widget_type=\"image.default\">\n\t\t\t\t<div class=\"elementor-widget-container\">\n\t\t\t\t\t\t\t\t\t\t\t\t\t\t\t<img decoding=\"async\" width=\"288\" height=\"283\" src=\"https:\/\/carboniaturismo.it\/wp-content\/uploads\/2020\/12\/logo-carbonia.png\" class=\"attachment-large size-large wp-image-7786\" alt=\"\" \/>\t\t\t\t\t\t\t\t\t\t\t\t\t\t\t<\/div>\n\t\t\t\t<\/div>\n\t\t\t\t\t<\/div>\n\t\t<\/div>\n\t\t\t\t<div class=\"elementor-column elementor-col-50 elementor-top-column elementor-element elementor-element-09f540a\" data-id=\"09f540a\" data-element_type=\"column\" data-e-type=\"column\">\n\t\t\t<div class=\"elementor-widget-wrap elementor-element-populated\">\n\t\t\t\t\t\t<div class=\"elementor-element elementor-element-5abb355 elementor-widget elementor-widget-image\" data-id=\"5abb355\" data-element_type=\"widget\" data-e-type=\"widget\" data-widget_type=\"image.default\">\n\t\t\t\t<div class=\"elementor-widget-container\">\n\t\t\t\t\t\t\t\t\t\t\t\t\t\t\t<img decoding=\"async\" width=\"327\" height=\"260\" src=\"https:\/\/carboniaturismo.it\/wp-content\/uploads\/2020\/12\/logo-parco-geominerario-ambientale.png\" class=\"attachment-large size-large wp-image-7780\" alt=\"\" \/>\t\t\t\t\t\t\t\t\t\t\t\t\t\t\t<\/div>\n\t\t\t\t<\/div>\n\t\t\t\t\t<\/div>\n\t\t<\/div>\n\t\t\t\t\t<\/div>\n\t\t<\/section>\n\t\t\t\t<\/div>\n\t\t","protected":false},"excerpt":{"rendered":"<p>Il Natale arriva in citt\u00e0: Carbonia si veste di magia!Sabato 7 e Domenica 8 Dicembre 2024 in Via Manno, Carbonia. Pronti a immergervi nella magia del Natale? Quest\u2019anno Carbonia d\u00e0 [&hellip;]<\/p>\n","protected":false},"author":2,"featured_media":7952,"comment_status":"open","ping_status":"open","sticky":false,"template":"","format":"standard","meta":{"rs_blank_template":"","rs_page_bg_color":"","slide_template_v7":"","footnotes":""},"categories":[133],"tags":[],"class_list":["post-7912","post","type-post","status-publish","format-standard","has-post-thumbnail","hentry","category-event"],"_links":{"self":[{"href":"https:\/\/carboniaturismo.it\/it\/wp-json\/wp\/v2\/posts\/7912","targetHints":{"allow":["GET"]}}],"collection":[{"href":"https:\/\/carboniaturismo.it\/it\/wp-json\/wp\/v2\/posts"}],"about":[{"href":"https:\/\/carboniaturismo.it\/it\/wp-json\/wp\/v2\/types\/post"}],"author":[{"embeddable":true,"href":"https:\/\/carboniaturismo.it\/it\/wp-json\/wp\/v2\/users\/2"}],"replies":[{"embeddable":true,"href":"https:\/\/carboniaturismo.it\/it\/wp-json\/wp\/v2\/comments?post=7912"}],"version-history":[{"count":4,"href":"https:\/\/carboniaturismo.it\/it\/wp-json\/wp\/v2\/posts\/7912\/revisions"}],"predecessor-version":[{"id":8012,"href":"https:\/\/carboniaturismo.it\/it\/wp-json\/wp\/v2\/posts\/7912\/revisions\/8012"}],"wp:featuredmedia":[{"embeddable":true,"href":"https:\/\/carboniaturismo.it\/it\/wp-json\/wp\/v2\/media\/7952"}],"wp:attachment":[{"href":"https:\/\/carboniaturismo.it\/it\/wp-json\/wp\/v2\/media?parent=7912"}],"wp:term":[{"taxonomy":"category","embeddable":true,"href":"https:\/\/carboniaturismo.it\/it\/wp-json\/wp\/v2\/categories?post=7912"},{"taxonomy":"post_tag","embeddable":true,"href":"https:\/\/carboniaturismo.it\/it\/wp-json\/wp\/v2\/tags?post=7912"}],"curies":[{"name":"wp","href":"https:\/\/api.w.org\/{rel}","templated":true}]}}