{"id":8112,"date":"2025-01-16T06:59:48","date_gmt":"2025-01-16T06:59:48","guid":{"rendered":"https:\/\/carboniaturismo.it\/estiamo-insieme-2022-pubblicato-il-programma-degli-eventi-in-citta\/"},"modified":"2025-01-27T09:11:36","modified_gmt":"2025-01-27T09:11:36","slug":"summer-together-2022-le-programme-des-evenements-de-la-ville-est-publie","status":"publish","type":"post","link":"https:\/\/carboniaturismo.it\/fr\/summer-together-2022-le-programme-des-evenements-de-la-ville-est-publie\/","title":{"rendered":"Summer Together 2022, le programme des \u00e9v\u00e9nements de la ville est publi\u00e9"},"content":{"rendered":"\t\t<div data-elementor-type=\"wp-post\" data-elementor-id=\"8112\" class=\"elementor elementor-8112 elementor-8028\" data-elementor-post-type=\"post\">\n\t\t\t\t\t\t<section class=\"elementor-section elementor-top-section elementor-element elementor-element-1023f8c elementor-section-boxed elementor-section-height-default elementor-section-height-default row-top\" data-id=\"1023f8c\" data-element_type=\"section\" data-e-type=\"section\">\n\t\t\t\t\t\t<div class=\"elementor-container elementor-column-gap-default\">\n\t\t\t\t\t<div class=\"elementor-column elementor-col-50 elementor-top-column elementor-element elementor-element-7620b65\" data-id=\"7620b65\" data-element_type=\"column\" data-e-type=\"column\">\n\t\t\t<div class=\"elementor-widget-wrap elementor-element-populated\">\n\t\t\t\t\t\t<div class=\"elementor-element elementor-element-dfc2641 elementor-widget elementor-widget-image\" data-id=\"dfc2641\" data-element_type=\"widget\" data-e-type=\"widget\" data-widget_type=\"image.default\">\n\t\t\t\t<div class=\"elementor-widget-container\">\n\t\t\t\t\t\t\t\t\t\t\t\t\t\t\t<img fetchpriority=\"high\" decoding=\"async\" width=\"300\" height=\"415\" src=\"https:\/\/carboniaturismo.it\/wp-content\/uploads\/2025\/01\/01e8f81570f9a136aa205f697a41fcfb_M.jpg\" class=\"attachment-large size-large wp-image-8032\" alt=\"\" \/>\t\t\t\t\t\t\t\t\t\t\t\t\t\t\t<\/div>\n\t\t\t\t<\/div>\n\t\t\t\t\t<\/div>\n\t\t<\/div>\n\t\t\t\t<div class=\"elementor-column elementor-col-50 elementor-top-column elementor-element elementor-element-0e430e9\" data-id=\"0e430e9\" data-element_type=\"column\" data-e-type=\"column\">\n\t\t\t<div class=\"elementor-widget-wrap elementor-element-populated\">\n\t\t\t\t\t\t<div class=\"elementor-element elementor-element-d3ddba4 elementor-widget elementor-widget-text-editor\" data-id=\"d3ddba4\" data-element_type=\"widget\" data-e-type=\"widget\" data-widget_type=\"text-editor.default\">\n\t\t\t\t<div class=\"elementor-widget-container\">\n\t\t\t\t\t\t\t\t\t<div class=\"elementor-element elementor-element-667a2895 elementor-widget elementor-widget-text-editor\" data-id=\"667a2895\" data-element_type=\"widget\" data-widget_type=\"text-editor.default\"><div class=\"elementor-widget-container\"><p>La municipalit\u00e9 de Carbonia a pr\u00e9sent\u00e9 le calendrier des \u00e9v\u00e9nements culturels et de divertissement qui animeront l&#8217;\u00e9t\u00e9 de la ville, en collaboration avec Cedac, Pro Loco et de nombreuses autres associations. Tous les \u00e9v\u00e9nements d&#8217;Estiamoinsieme 2022, soir\u00e9e par soir\u00e9e, jusqu&#8217;au 31 ao\u00fbt.<\/p><\/div><\/div>\t\t\t\t\t\t\t\t<\/div>\n\t\t\t\t<\/div>\n\t\t\t\t<div class=\"elementor-element elementor-element-ecfb5c2 elementor-widget elementor-widget-text-editor\" data-id=\"ecfb5c2\" data-element_type=\"widget\" data-e-type=\"widget\" data-widget_type=\"text-editor.default\">\n\t\t\t\t<div class=\"elementor-widget-container\">\n\t\t\t\t\t\t\t\t\t<p><strong>T\u00e9l\u00e9charger les pi\u00e8ces jointes : <\/strong> <br \/><a href=\"http:\/\/carboniaturismo.it\/wp-content\/uploads\/2022\/12\/VIVICARBONIA_-_ESTIAMOINSIEME_2022.pdf\" target=\"_blank\" rel=\"noopener\"><strong>Programme Let&#8217;s Together 2022<\/strong><\/a><\/p>\t\t\t\t\t\t\t\t<\/div>\n\t\t\t\t<\/div>\n\t\t\t\t\t<\/div>\n\t\t<\/div>\n\t\t\t\t\t<\/div>\n\t\t<\/section>\n\t\t\t\t<\/div>\n\t\t","protected":false},"excerpt":{"rendered":"<p>Tous les \u00e9v\u00e9nements d\u2019Estiamoinsieme 2022, soir\u00e9e par soir\u00e9e, jusqu\u2019au 31 ao\u00fbt.<\/p>\n","protected":false},"author":2,"featured_media":7916,"comment_status":"open","ping_status":"open","sticky":false,"template":"","format":"standard","meta":{"rs_blank_template":"","rs_page_bg_color":"","slide_template_v7":"","footnotes":""},"categories":[134],"tags":[],"class_list":["post-8112","post","type-post","status-publish","format-standard","has-post-thumbnail","hentry","category-event-fr"],"_links":{"self":[{"href":"https:\/\/carboniaturismo.it\/fr\/wp-json\/wp\/v2\/posts\/8112","targetHints":{"allow":["GET"]}}],"collection":[{"href":"https:\/\/carboniaturismo.it\/fr\/wp-json\/wp\/v2\/posts"}],"about":[{"href":"https:\/\/carboniaturismo.it\/fr\/wp-json\/wp\/v2\/types\/post"}],"author":[{"embeddable":true,"href":"https:\/\/carboniaturismo.it\/fr\/wp-json\/wp\/v2\/users\/2"}],"replies":[{"embeddable":true,"href":"https:\/\/carboniaturismo.it\/fr\/wp-json\/wp\/v2\/comments?post=8112"}],"version-history":[{"count":6,"href":"https:\/\/carboniaturismo.it\/fr\/wp-json\/wp\/v2\/posts\/8112\/revisions"}],"predecessor-version":[{"id":10637,"href":"https:\/\/carboniaturismo.it\/fr\/wp-json\/wp\/v2\/posts\/8112\/revisions\/10637"}],"wp:featuredmedia":[{"embeddable":true,"href":"https:\/\/carboniaturismo.it\/fr\/wp-json\/wp\/v2\/media\/7916"}],"wp:attachment":[{"href":"https:\/\/carboniaturismo.it\/fr\/wp-json\/wp\/v2\/media?parent=8112"}],"wp:term":[{"taxonomy":"category","embeddable":true,"href":"https:\/\/carboniaturismo.it\/fr\/wp-json\/wp\/v2\/categories?post=8112"},{"taxonomy":"post_tag","embeddable":true,"href":"https:\/\/carboniaturismo.it\/fr\/wp-json\/wp\/v2\/tags?post=8112"}],"curies":[{"name":"wp","href":"https:\/\/api.w.org\/{rel}","templated":true}]}}