{"id":9145,"date":"2025-01-16T06:58:48","date_gmt":"2025-01-16T06:58:48","guid":{"rendered":"https:\/\/carboniaturismo.it\/programma-eventi-natale-insieme-2022\/"},"modified":"2025-01-27T09:04:23","modified_gmt":"2025-01-27T09:04:23","slug":"veranstaltungsprogramm-weihnachten-gemeinsam-2022","status":"publish","type":"post","link":"https:\/\/carboniaturismo.it\/de\/veranstaltungsprogramm-weihnachten-gemeinsam-2022\/","title":{"rendered":"Veranstaltungsprogramm \u201eWeihnachten gemeinsam 2022"},"content":{"rendered":"\t\t<div data-elementor-type=\"wp-post\" data-elementor-id=\"9145\" class=\"elementor elementor-9145 elementor-8020\" data-elementor-post-type=\"post\">\n\t\t\t\t\t\t<section class=\"elementor-section elementor-top-section elementor-element elementor-element-1023f8c elementor-section-boxed elementor-section-height-default elementor-section-height-default row-top\" data-id=\"1023f8c\" data-element_type=\"section\" data-e-type=\"section\">\n\t\t\t\t\t\t<div class=\"elementor-container elementor-column-gap-default\">\n\t\t\t\t\t<div class=\"elementor-column elementor-col-50 elementor-top-column elementor-element elementor-element-7620b65\" data-id=\"7620b65\" data-element_type=\"column\" data-e-type=\"column\">\n\t\t\t<div class=\"elementor-widget-wrap elementor-element-populated\">\n\t\t\t\t\t\t<div class=\"elementor-element elementor-element-dfc2641 elementor-widget elementor-widget-image\" data-id=\"dfc2641\" data-element_type=\"widget\" data-e-type=\"widget\" data-widget_type=\"image.default\">\n\t\t\t\t<div class=\"elementor-widget-container\">\n\t\t\t\t\t\t\t\t\t\t\t\t\t\t\t<img fetchpriority=\"high\" decoding=\"async\" width=\"675\" height=\"924\" src=\"https:\/\/carboniaturismo.it\/wp-content\/uploads\/2025\/01\/da14eb3df594a0af12ccb36268f17021_XL.jpg\" class=\"attachment-large size-large wp-image-8078\" alt=\"\" \/>\t\t\t\t\t\t\t\t\t\t\t\t\t\t\t<\/div>\n\t\t\t\t<\/div>\n\t\t\t\t\t<\/div>\n\t\t<\/div>\n\t\t\t\t<div class=\"elementor-column elementor-col-50 elementor-top-column elementor-element elementor-element-0e430e9\" data-id=\"0e430e9\" data-element_type=\"column\" data-e-type=\"column\">\n\t\t\t<div class=\"elementor-widget-wrap elementor-element-populated\">\n\t\t\t\t\t\t<div class=\"elementor-element elementor-element-d3ddba4 elementor-widget elementor-widget-text-editor\" data-id=\"d3ddba4\" data-element_type=\"widget\" data-e-type=\"widget\" data-widget_type=\"text-editor.default\">\n\t\t\t\t<div class=\"elementor-widget-container\">\n\t\t\t\t\t\t\t\t\t<p>Das Programm der Weihnachtsveranstaltungen, die von der Gemeindeverwaltung von Donnerstag, dem 8. bis Sonntag, dem 25. Dezember in Carbonia in Zusammenarbeit mit zahlreichen Organisationen und Sponsoren durchgef\u00fchrt werden. Clou mit dem Tazenda-Konzert zum Jahrestag der Stadtgr\u00fcndung.<\/p>\t\t\t\t\t\t\t\t<\/div>\n\t\t\t\t<\/div>\n\t\t\t\t<div class=\"elementor-element elementor-element-ecfb5c2 elementor-widget elementor-widget-text-editor\" data-id=\"ecfb5c2\" data-element_type=\"widget\" data-e-type=\"widget\" data-widget_type=\"text-editor.default\">\n\t\t\t\t<div class=\"elementor-widget-container\">\n\t\t\t\t\t\t\t\t\t<p><strong>Anh\u00e4nge herunterladen: <\/strong> <br \/><a href=\"http:\/\/carboniaturismo.it\/wp-content\/uploads\/2022\/12\/PROGRAMMA-NATALE-INSIEME-2022.pdf\" target=\"_blank\" rel=\"noopener\"><strong>Veranstaltungsprogramm zu Weihnachten<\/strong><\/a><\/p>\t\t\t\t\t\t\t\t<\/div>\n\t\t\t\t<\/div>\n\t\t\t\t\t<\/div>\n\t\t<\/div>\n\t\t\t\t\t<\/div>\n\t\t<\/section>\n\t\t\t\t<\/div>\n\t\t","protected":false},"excerpt":{"rendered":"<p>Le programme des \u00e9v\u00e9nements de No\u00ebl promus par l\u2019administration municipale du jeudi 8 au dimanche 25 d\u00e9cembre. <\/p>\n","protected":false},"author":2,"featured_media":7916,"comment_status":"open","ping_status":"open","sticky":false,"template":"","format":"standard","meta":{"rs_blank_template":"","rs_page_bg_color":"","slide_template_v7":"","footnotes":""},"categories":[137],"tags":[],"class_list":["post-9145","post","type-post","status-publish","format-standard","has-post-thumbnail","hentry","category-event-de"],"_links":{"self":[{"href":"https:\/\/carboniaturismo.it\/de\/wp-json\/wp\/v2\/posts\/9145","targetHints":{"allow":["GET"]}}],"collection":[{"href":"https:\/\/carboniaturismo.it\/de\/wp-json\/wp\/v2\/posts"}],"about":[{"href":"https:\/\/carboniaturismo.it\/de\/wp-json\/wp\/v2\/types\/post"}],"author":[{"embeddable":true,"href":"https:\/\/carboniaturismo.it\/de\/wp-json\/wp\/v2\/users\/2"}],"replies":[{"embeddable":true,"href":"https:\/\/carboniaturismo.it\/de\/wp-json\/wp\/v2\/comments?post=9145"}],"version-history":[{"count":8,"href":"https:\/\/carboniaturismo.it\/de\/wp-json\/wp\/v2\/posts\/9145\/revisions"}],"predecessor-version":[{"id":10631,"href":"https:\/\/carboniaturismo.it\/de\/wp-json\/wp\/v2\/posts\/9145\/revisions\/10631"}],"wp:featuredmedia":[{"embeddable":true,"href":"https:\/\/carboniaturismo.it\/de\/wp-json\/wp\/v2\/media\/7916"}],"wp:attachment":[{"href":"https:\/\/carboniaturismo.it\/de\/wp-json\/wp\/v2\/media?parent=9145"}],"wp:term":[{"taxonomy":"category","embeddable":true,"href":"https:\/\/carboniaturismo.it\/de\/wp-json\/wp\/v2\/categories?post=9145"},{"taxonomy":"post_tag","embeddable":true,"href":"https:\/\/carboniaturismo.it\/de\/wp-json\/wp\/v2\/tags?post=9145"}],"curies":[{"name":"wp","href":"https:\/\/api.w.org\/{rel}","templated":true}]}}